{"id":1923,"date":"2020-09-21T15:54:11","date_gmt":"2020-09-21T12:54:11","guid":{"rendered":"http:\/\/mekandaadalet.org\/madakademi-anketi2020\/"},"modified":"2020-09-21T15:54:11","modified_gmt":"2020-09-21T12:54:11","slug":"madakademi-anketi2020","status":"publish","type":"post","link":"https:\/\/mekandaadalet.org\/en\/madakademi-anketi2020\/","title":{"rendered":"#MADakademi Bulu\u015fmalar\u0131 Arama\u00a0Anketi&#8217;ne Kat\u0131l\u0131n!"},"content":{"rendered":"<p class=\"graf graf--h4\">Mekanda Adalet Derne\u011fi (MAD) yeni etkinlik program\u0131n\u0131 kat\u0131l\u0131mc\u0131 bir \u015fekilde belirlemek istiyor. #MADakademi Bulu\u015fmalar\u0131\u2019n\u0131n programan\u0131 belirlemek i\u00e7in bir arama anketi haz\u0131rland\u0131.<\/p>\n<p class=\"graf graf--p\">Mekan \u00e7al\u0131\u015fmalar\u0131n\u0131 ve toplumsal adalet hedefini oda\u011fa alacak, MAD\u2019\u0131n webinar format\u0131nda ger\u00e7ekle\u015fecek bir y\u0131ll\u0131k program\u0131 nas\u0131l olmal\u0131, hangi faaliyetleri \u00f6ncelemeli?<\/p>\n<p class=\"graf graf--p\">#MADakademi Bulu\u015fmalar\u0131\u2019n\u0131 potansiyel kat\u0131l\u0131mc\u0131lar\u0131yla birlikte olu\u015fturmak i\u00e7in <a class=\"markup--anchor markup--p-anchor\" href=\"https:\/\/docs.google.com\/forms\/d\/e\/1FAIpQLSdTnD4kNFerLPr_eUUdZMJY_A8w_ohCS92_6_90rGrjSMKLGg\/viewform\" target=\"_blank\" rel=\"noopener noreferrer\" data-href=\"https:\/\/docs.google.com\/forms\/d\/1SUnoe__RbVNIo5u12XsqlyGpa47VmOQe-1EEGdtcwrs\/edit\"><strong class=\"markup--strong markup--p-strong\">ankete kat\u0131l\u0131n!<\/strong><\/a><\/p>\n<p>&#8212;&#8212;&#8212;-<\/p>\n<p class=\"graf graf--p\">Derne\u011fin Karak\u00f6y ofisinde ger\u00e7ekle\u015ftirilen #MADakademi Bulu\u015fmalar\u0131\u2019n\u0131 #COVID19 s\u00fcreci ile beraber webinar format\u0131nda s\u00fcrd\u00fcrm\u00fc\u015ft\u00fck.<\/p>\n<p>2020 y\u0131l\u0131nda ger\u00e7ekle\u015ftirdi\u011fimi #Salg\u0131ndaAdalet serisi ve di\u011fer webinarlara eri\u015fmek i\u00e7in:<\/p>\n<p><iframe loading=\"lazy\" src=\"https:\/\/www.youtube.com\/embed\/videoseries?list=PLMfhymJzhds53JRKcqlnyBFuC2fNNXplp\" width=\"560\" height=\"315\" frameborder=\"0\" allowfullscreen=\"allowfullscreen\"><\/iframe><\/p>\n<p class=\"graf graf--p\">2019 y\u0131l\u0131nda ger\u00e7ekle\u015ftirilen #MADakademi Bulu\u015fmalar\u0131 i\u00e7in:<\/p>\n<p><iframe loading=\"lazy\" src=\"https:\/\/www.youtube.com\/embed\/videoseries?list=PLMfhymJzhds6JX_YEIGw3yOfD6b2x6dJe\" width=\"560\" height=\"315\" frameborder=\"0\" allowfullscreen=\"allowfullscreen\"><\/iframe><\/p>\n","protected":false},"excerpt":{"rendered":"<p>Mekanda Adalet Derne\u011fi (MAD) yeni etkinlik program\u0131n\u0131 kat\u0131l\u0131mc\u0131 bir \u015fekilde belirlemek istiyor. #MADakademi Bulu\u015fmalar\u0131\u2019n\u0131n programan\u0131 belirlemek i\u00e7in bir arama anketi haz\u0131rland\u0131. Mekan \u00e7al\u0131\u015fmalar\u0131n\u0131 ve toplumsal adalet hedefini oda\u011fa alacak, MAD\u2019\u0131n webinar format\u0131nda ger\u00e7ekle\u015fecek bir y\u0131ll\u0131k program\u0131 nas\u0131l olmal\u0131, hangi faaliyetleri \u00f6ncelemeli? #MADakademi Bulu\u015fmalar\u0131\u2019n\u0131 potansiyel kat\u0131l\u0131mc\u0131lar\u0131yla birlikte olu\u015fturmak i\u00e7in ankete kat\u0131l\u0131n! &#8212;&#8212;&#8212;- Derne\u011fin Karak\u00f6y ofisinde ger\u00e7ekle\u015ftirilen [&hellip;]<\/p>\n","protected":false},"author":4,"featured_media":1743,"comment_status":"open","ping_status":"open","sticky":false,"template":"","format":"standard","meta":{"footnotes":""},"categories":[61,58,53,50,51],"tags":[79,55],"class_list":["post-1923","post","type-post","status-publish","format-standard","has-post-thumbnail","hentry","category-academy","category-madacademy-meetings","category-news","category-2020-en","category-madacademy","tag-webinar-en","tag-madakademi-en"],"yoast_head":"<!-- This site is optimized with the Yoast SEO plugin v25.8 - https:\/\/yoast.com\/wordpress\/plugins\/seo\/ -->\n<title>#MADakademi Bulu\u015fmalar\u0131 Arama\u00a0Anketi&#039;ne Kat\u0131l\u0131n! - Mekanda Adalet<\/title>\n<meta name=\"description\" content=\"Mekanda Adalet Derne\u011fi (MAD) yeni etkinlik program\u0131n\u0131 kat\u0131l\u0131mc\u0131 bir \u015fekilde belirlemek istiyor. #MADakademi Bulu\u015fmalar\u0131\u2019n\u0131n programan\u0131 belirlemek i\u00e7in bir arama anketi haz\u0131rland\u0131.\" \/>\n<meta name=\"robots\" content=\"index, follow, max-snippet:-1, max-image-preview:large, max-video-preview:-1\" \/>\n<link rel=\"canonical\" href=\"https:\/\/mekandaadalet.org\/en\/madakademi-anketi2020\/\" \/>\n<meta property=\"og:locale\" content=\"en_US\" \/>\n<meta property=\"og:type\" content=\"article\" \/>\n<meta property=\"og:title\" content=\"#MADakademi Bulu\u015fmalar\u0131 Arama\u00a0Anketi&#039;ne Kat\u0131l\u0131n! - Mekanda Adalet\" \/>\n<meta property=\"og:description\" content=\"Mekanda Adalet Derne\u011fi (MAD) yeni etkinlik program\u0131n\u0131 kat\u0131l\u0131mc\u0131 bir \u015fekilde belirlemek istiyor. #MADakademi Bulu\u015fmalar\u0131\u2019n\u0131n programan\u0131 belirlemek i\u00e7in bir arama anketi haz\u0131rland\u0131.\" \/>\n<meta property=\"og:url\" content=\"https:\/\/mekandaadalet.org\/en\/madakademi-anketi2020\/\" \/>\n<meta property=\"og:site_name\" content=\"Mekanda Adalet\" \/>\n<meta property=\"article:published_time\" content=\"2020-09-21T12:54:11+00:00\" \/>\n<meta property=\"og:image\" content=\"https:\/\/mekandaadalet.org\/wp-content\/uploads\/2020\/09\/photo_2020-09-21_20-31-35.jpg\" \/>\n\t<meta property=\"og:image:width\" content=\"1280\" \/>\n\t<meta property=\"og:image:height\" content=\"720\" \/>\n\t<meta property=\"og:image:type\" content=\"image\/jpeg\" \/>\n<meta name=\"author\" content=\"Mekanda Adalet Derne\u011fi\" \/>\n<meta name=\"twitter:card\" content=\"summary_large_image\" \/>\n<meta name=\"twitter:label1\" content=\"Written by\" \/>\n\t<meta name=\"twitter:data1\" content=\"Mekanda Adalet Derne\u011fi\" \/>\n\t<meta name=\"twitter:label2\" content=\"Est. reading time\" \/>\n\t<meta name=\"twitter:data2\" content=\"1 minute\" \/>\n<script type=\"application\/ld+json\" class=\"yoast-schema-graph\">{\"@context\":\"https:\/\/schema.org\",\"@graph\":[{\"@type\":\"WebPage\",\"@id\":\"https:\/\/mekandaadalet.org\/en\/madakademi-anketi2020\/\",\"url\":\"https:\/\/mekandaadalet.org\/en\/madakademi-anketi2020\/\",\"name\":\"#MADakademi Bulu\u015fmalar\u0131 Arama\u00a0Anketi'ne Kat\u0131l\u0131n! - Mekanda Adalet\",\"isPartOf\":{\"@id\":\"https:\/\/mekandaadalet.org\/en\/#website\"},\"primaryImageOfPage\":{\"@id\":\"https:\/\/mekandaadalet.org\/en\/madakademi-anketi2020\/#primaryimage\"},\"image\":{\"@id\":\"https:\/\/mekandaadalet.org\/en\/madakademi-anketi2020\/#primaryimage\"},\"thumbnailUrl\":\"https:\/\/mekandaadalet.org\/wp-content\/uploads\/2020\/09\/photo_2020-09-21_20-31-35.jpg\",\"datePublished\":\"2020-09-21T12:54:11+00:00\",\"author\":{\"@id\":\"https:\/\/mekandaadalet.org\/en\/#\/schema\/person\/7035e762aaf7bc4ebd892be2e9bb3961\"},\"description\":\"Mekanda Adalet Derne\u011fi (MAD) yeni etkinlik program\u0131n\u0131 kat\u0131l\u0131mc\u0131 bir \u015fekilde belirlemek istiyor. #MADakademi Bulu\u015fmalar\u0131\u2019n\u0131n programan\u0131 belirlemek i\u00e7in bir arama anketi haz\u0131rland\u0131.\",\"breadcrumb\":{\"@id\":\"https:\/\/mekandaadalet.org\/en\/madakademi-anketi2020\/#breadcrumb\"},\"inLanguage\":\"en-US\",\"potentialAction\":[{\"@type\":\"ReadAction\",\"target\":[\"https:\/\/mekandaadalet.org\/en\/madakademi-anketi2020\/\"]}]},{\"@type\":\"ImageObject\",\"inLanguage\":\"en-US\",\"@id\":\"https:\/\/mekandaadalet.org\/en\/madakademi-anketi2020\/#primaryimage\",\"url\":\"https:\/\/mekandaadalet.org\/wp-content\/uploads\/2020\/09\/photo_2020-09-21_20-31-35.jpg\",\"contentUrl\":\"https:\/\/mekandaadalet.org\/wp-content\/uploads\/2020\/09\/photo_2020-09-21_20-31-35.jpg\",\"width\":1280,\"height\":720},{\"@type\":\"BreadcrumbList\",\"@id\":\"https:\/\/mekandaadalet.org\/en\/madakademi-anketi2020\/#breadcrumb\",\"itemListElement\":[{\"@type\":\"ListItem\",\"position\":1,\"name\":\"Home\",\"item\":\"https:\/\/mekandaadalet.org\/en\/center-for-spatial-justice\/\"},{\"@type\":\"ListItem\",\"position\":2,\"name\":\"#MADakademi Bulu\u015fmalar\u0131 Arama\u00a0Anketi&#8217;ne Kat\u0131l\u0131n!\"}]},{\"@type\":\"WebSite\",\"@id\":\"https:\/\/mekandaadalet.org\/en\/#website\",\"url\":\"https:\/\/mekandaadalet.org\/en\/\",\"name\":\"Mekanda Adalet\",\"description\":\"\",\"potentialAction\":[{\"@type\":\"SearchAction\",\"target\":{\"@type\":\"EntryPoint\",\"urlTemplate\":\"https:\/\/mekandaadalet.org\/en\/?s={search_term_string}\"},\"query-input\":{\"@type\":\"PropertyValueSpecification\",\"valueRequired\":true,\"valueName\":\"search_term_string\"}}],\"inLanguage\":\"en-US\"},{\"@type\":\"Person\",\"@id\":\"https:\/\/mekandaadalet.org\/en\/#\/schema\/person\/7035e762aaf7bc4ebd892be2e9bb3961\",\"name\":\"Mekanda Adalet Derne\u011fi\",\"image\":{\"@type\":\"ImageObject\",\"inLanguage\":\"en-US\",\"@id\":\"https:\/\/mekandaadalet.org\/en\/#\/schema\/person\/image\/\",\"url\":\"https:\/\/secure.gravatar.com\/avatar\/4b09fc9f42363b503d70b0eee88249d3685986325c810d90cab466592e619ca4?s=96&d=mm&r=g\",\"contentUrl\":\"https:\/\/secure.gravatar.com\/avatar\/4b09fc9f42363b503d70b0eee88249d3685986325c810d90cab466592e619ca4?s=96&d=mm&r=g\",\"caption\":\"Mekanda Adalet Derne\u011fi\"},\"sameAs\":[\"http:\/\/mekandaadalet.org\/\"],\"url\":\"https:\/\/mekandaadalet.org\/en\/author\/madpanel\/\"}]}<\/script>\n<!-- \/ Yoast SEO plugin. -->","yoast_head_json":{"title":"#MADakademi Bulu\u015fmalar\u0131 Arama\u00a0Anketi'ne Kat\u0131l\u0131n! - Mekanda Adalet","description":"Mekanda Adalet Derne\u011fi (MAD) yeni etkinlik program\u0131n\u0131 kat\u0131l\u0131mc\u0131 bir \u015fekilde belirlemek istiyor. #MADakademi Bulu\u015fmalar\u0131\u2019n\u0131n programan\u0131 belirlemek i\u00e7in bir arama anketi haz\u0131rland\u0131.","robots":{"index":"index","follow":"follow","max-snippet":"max-snippet:-1","max-image-preview":"max-image-preview:large","max-video-preview":"max-video-preview:-1"},"canonical":"https:\/\/mekandaadalet.org\/en\/madakademi-anketi2020\/","og_locale":"en_US","og_type":"article","og_title":"#MADakademi Bulu\u015fmalar\u0131 Arama\u00a0Anketi'ne Kat\u0131l\u0131n! - Mekanda Adalet","og_description":"Mekanda Adalet Derne\u011fi (MAD) yeni etkinlik program\u0131n\u0131 kat\u0131l\u0131mc\u0131 bir \u015fekilde belirlemek istiyor. #MADakademi Bulu\u015fmalar\u0131\u2019n\u0131n programan\u0131 belirlemek i\u00e7in bir arama anketi haz\u0131rland\u0131.","og_url":"https:\/\/mekandaadalet.org\/en\/madakademi-anketi2020\/","og_site_name":"Mekanda Adalet","article_published_time":"2020-09-21T12:54:11+00:00","og_image":[{"width":1280,"height":720,"url":"https:\/\/mekandaadalet.org\/wp-content\/uploads\/2020\/09\/photo_2020-09-21_20-31-35.jpg","type":"image\/jpeg"}],"author":"Mekanda Adalet Derne\u011fi","twitter_card":"summary_large_image","twitter_misc":{"Written by":"Mekanda Adalet Derne\u011fi","Est. reading time":"1 minute"},"schema":{"@context":"https:\/\/schema.org","@graph":[{"@type":"WebPage","@id":"https:\/\/mekandaadalet.org\/en\/madakademi-anketi2020\/","url":"https:\/\/mekandaadalet.org\/en\/madakademi-anketi2020\/","name":"#MADakademi Bulu\u015fmalar\u0131 Arama\u00a0Anketi'ne Kat\u0131l\u0131n! - Mekanda Adalet","isPartOf":{"@id":"https:\/\/mekandaadalet.org\/en\/#website"},"primaryImageOfPage":{"@id":"https:\/\/mekandaadalet.org\/en\/madakademi-anketi2020\/#primaryimage"},"image":{"@id":"https:\/\/mekandaadalet.org\/en\/madakademi-anketi2020\/#primaryimage"},"thumbnailUrl":"https:\/\/mekandaadalet.org\/wp-content\/uploads\/2020\/09\/photo_2020-09-21_20-31-35.jpg","datePublished":"2020-09-21T12:54:11+00:00","author":{"@id":"https:\/\/mekandaadalet.org\/en\/#\/schema\/person\/7035e762aaf7bc4ebd892be2e9bb3961"},"description":"Mekanda Adalet Derne\u011fi (MAD) yeni etkinlik program\u0131n\u0131 kat\u0131l\u0131mc\u0131 bir \u015fekilde belirlemek istiyor. #MADakademi Bulu\u015fmalar\u0131\u2019n\u0131n programan\u0131 belirlemek i\u00e7in bir arama anketi haz\u0131rland\u0131.","breadcrumb":{"@id":"https:\/\/mekandaadalet.org\/en\/madakademi-anketi2020\/#breadcrumb"},"inLanguage":"en-US","potentialAction":[{"@type":"ReadAction","target":["https:\/\/mekandaadalet.org\/en\/madakademi-anketi2020\/"]}]},{"@type":"ImageObject","inLanguage":"en-US","@id":"https:\/\/mekandaadalet.org\/en\/madakademi-anketi2020\/#primaryimage","url":"https:\/\/mekandaadalet.org\/wp-content\/uploads\/2020\/09\/photo_2020-09-21_20-31-35.jpg","contentUrl":"https:\/\/mekandaadalet.org\/wp-content\/uploads\/2020\/09\/photo_2020-09-21_20-31-35.jpg","width":1280,"height":720},{"@type":"BreadcrumbList","@id":"https:\/\/mekandaadalet.org\/en\/madakademi-anketi2020\/#breadcrumb","itemListElement":[{"@type":"ListItem","position":1,"name":"Home","item":"https:\/\/mekandaadalet.org\/en\/center-for-spatial-justice\/"},{"@type":"ListItem","position":2,"name":"#MADakademi Bulu\u015fmalar\u0131 Arama\u00a0Anketi&#8217;ne Kat\u0131l\u0131n!"}]},{"@type":"WebSite","@id":"https:\/\/mekandaadalet.org\/en\/#website","url":"https:\/\/mekandaadalet.org\/en\/","name":"Mekanda Adalet","description":"","potentialAction":[{"@type":"SearchAction","target":{"@type":"EntryPoint","urlTemplate":"https:\/\/mekandaadalet.org\/en\/?s={search_term_string}"},"query-input":{"@type":"PropertyValueSpecification","valueRequired":true,"valueName":"search_term_string"}}],"inLanguage":"en-US"},{"@type":"Person","@id":"https:\/\/mekandaadalet.org\/en\/#\/schema\/person\/7035e762aaf7bc4ebd892be2e9bb3961","name":"Mekanda Adalet Derne\u011fi","image":{"@type":"ImageObject","inLanguage":"en-US","@id":"https:\/\/mekandaadalet.org\/en\/#\/schema\/person\/image\/","url":"https:\/\/secure.gravatar.com\/avatar\/4b09fc9f42363b503d70b0eee88249d3685986325c810d90cab466592e619ca4?s=96&d=mm&r=g","contentUrl":"https:\/\/secure.gravatar.com\/avatar\/4b09fc9f42363b503d70b0eee88249d3685986325c810d90cab466592e619ca4?s=96&d=mm&r=g","caption":"Mekanda Adalet Derne\u011fi"},"sameAs":["http:\/\/mekandaadalet.org\/"],"url":"https:\/\/mekandaadalet.org\/en\/author\/madpanel\/"}]}},"_links":{"self":[{"href":"https:\/\/mekandaadalet.org\/en\/wp-json\/wp\/v2\/posts\/1923","targetHints":{"allow":["GET"]}}],"collection":[{"href":"https:\/\/mekandaadalet.org\/en\/wp-json\/wp\/v2\/posts"}],"about":[{"href":"https:\/\/mekandaadalet.org\/en\/wp-json\/wp\/v2\/types\/post"}],"author":[{"embeddable":true,"href":"https:\/\/mekandaadalet.org\/en\/wp-json\/wp\/v2\/users\/4"}],"replies":[{"embeddable":true,"href":"https:\/\/mekandaadalet.org\/en\/wp-json\/wp\/v2\/comments?post=1923"}],"version-history":[{"count":0,"href":"https:\/\/mekandaadalet.org\/en\/wp-json\/wp\/v2\/posts\/1923\/revisions"}],"wp:featuredmedia":[{"embeddable":true,"href":"https:\/\/mekandaadalet.org\/en\/wp-json\/wp\/v2\/media\/1743"}],"wp:attachment":[{"href":"https:\/\/mekandaadalet.org\/en\/wp-json\/wp\/v2\/media?parent=1923"}],"wp:term":[{"taxonomy":"category","embeddable":true,"href":"https:\/\/mekandaadalet.org\/en\/wp-json\/wp\/v2\/categories?post=1923"},{"taxonomy":"post_tag","embeddable":true,"href":"https:\/\/mekandaadalet.org\/en\/wp-json\/wp\/v2\/tags?post=1923"}],"curies":[{"name":"wp","href":"https:\/\/api.w.org\/{rel}","templated":true}]}}